{"id":767,"date":"2016-06-30T12:21:49","date_gmt":"2016-06-30T10:21:49","guid":{"rendered":"http:\/\/www.rseapmu.org\/?p=767"},"modified":"2019-02-24T14:01:59","modified_gmt":"2019-02-24T13:01:59","slug":"nueva-junta-directiva","status":"publish","type":"post","link":"http:\/\/www.rseapmu.org\/?p=767","title":{"rendered":"Nueva Junta Directiva"},"content":{"rendered":"<p>El pasado d\u00eda 20 de junio 2016 se ha celebrado una Asamblea General Ordinaria en la que se ha procedido a proclamar la candidatura encabezada por <strong>D. Jose Manuel de la Pe\u00f1a S\u00e1nchez<\/strong> como nueva Junta Directiva de la Real Sociedad Econ\u00f3mica de Amigos del Pa\u00eds de Murcia, compuesta por los siguientes socios:<\/p>\n<p>&nbsp;<\/p>\n<p>Director: D. Jose Manuel de la Pe\u00f1a S\u00e1nchez<\/p>\n<p>Vicedirectora: D\u00f1a. Cristina Gutierrez-Cortinez Corral<\/p>\n<p>Secretario: D. Fernando Armario S\u00e1nchez<\/p>\n<p>Tesorero: D. Antonio Garc\u00eda-Nieto G\u00f3mez-Guillam\u00f3n<\/p>\n<p>Vocal: D. Antonio de Bejar Martinez<\/p>\n<p>Vocal: D. Alfredo G\u00f3mez Hita<\/p>\n<p>Vocal: D. Juan Navarro Barba<\/p>\n<p>Vocal: D\u00f1a. Purificaci\u00f3n Rodr\u00edguez Ru\u00edz<strong>.\u00a0\u00a0\u00a0\u00a0<\/strong><\/p>\n<p>&nbsp;<\/p>\n<p><strong>\u00a0 \u00a0 \u00a0 \u00a0 \u00a0 \u00a0 \u00a0 \u00a0 \u00a0 \u00a0 \u00a0 \u00a0 \u00a0 \u00a0 \u00a0 \u00a0 \u00a0 \u00a0\u00a0<a href=\"http:\/\/www.rseapmu.org\/2016\/06\/nueva-junta-directiva\/d-jose-manuel-de-la-pena\/\" rel=\"attachment wp-att-770\"><img decoding=\"async\" loading=\"lazy\" class=\"aligncenter  wp-image-770\" src=\"http:\/\/www.rseapmu.org\/wp-content\/uploads\/2016\/06\/D.-Jose-Manuel-de-la-Pe\u00f1a-150x150.jpg\" alt=\"D. Jose Manuel de la Pe\u00f1a\" width=\"201\" height=\"201\" \/><\/a><\/strong><\/p>\n<p>&nbsp;<\/p>\n<p>D. Jose Manuel de la Pe\u00f1a S\u00e1nchez, Director RSEAPMU<\/p>\n<p>&nbsp;<\/p>\n<p>&nbsp;<\/p>\n","protected":false},"excerpt":{"rendered":"<p>El pasado d\u00eda 20 de junio 2016 se ha celebrado una Asamblea General Ordinaria en la que se ha procedido a proclamar la candidatura encabezada por D. Jose Manuel de la Pe\u00f1a S\u00e1nchez como nueva Junta Directiva de la Real &hellip; <a href=\"http:\/\/www.rseapmu.org\/?p=767\">Sigue leyendo <span class=\"meta-nav\">&rarr;<\/span><\/a><\/p>\n","protected":false},"author":2,"featured_media":0,"comment_status":"closed","ping_status":"open","sticky":false,"template":"","format":"standard","meta":[],"categories":[37],"tags":[35],"_links":{"self":[{"href":"http:\/\/www.rseapmu.org\/index.php?rest_route=\/wp\/v2\/posts\/767"}],"collection":[{"href":"http:\/\/www.rseapmu.org\/index.php?rest_route=\/wp\/v2\/posts"}],"about":[{"href":"http:\/\/www.rseapmu.org\/index.php?rest_route=\/wp\/v2\/types\/post"}],"author":[{"embeddable":true,"href":"http:\/\/www.rseapmu.org\/index.php?rest_route=\/wp\/v2\/users\/2"}],"replies":[{"embeddable":true,"href":"http:\/\/www.rseapmu.org\/index.php?rest_route=%2Fwp%2Fv2%2Fcomments&post=767"}],"version-history":[{"count":4,"href":"http:\/\/www.rseapmu.org\/index.php?rest_route=\/wp\/v2\/posts\/767\/revisions"}],"predecessor-version":[{"id":838,"href":"http:\/\/www.rseapmu.org\/index.php?rest_route=\/wp\/v2\/posts\/767\/revisions\/838"}],"wp:attachment":[{"href":"http:\/\/www.rseapmu.org\/index.php?rest_route=%2Fwp%2Fv2%2Fmedia&parent=767"}],"wp:term":[{"taxonomy":"category","embeddable":true,"href":"http:\/\/www.rseapmu.org\/index.php?rest_route=%2Fwp%2Fv2%2Fcategories&post=767"},{"taxonomy":"post_tag","embeddable":true,"href":"http:\/\/www.rseapmu.org\/index.php?rest_route=%2Fwp%2Fv2%2Ftags&post=767"}],"curies":[{"name":"wp","href":"https:\/\/api.w.org\/{rel}","templated":true}]}}