{"id":424,"date":"2014-01-22T12:08:45","date_gmt":"2014-01-22T11:08:45","guid":{"rendered":"http:\/\/www.gestionarsiglo21.com\/?p=424"},"modified":"2019-02-24T14:11:38","modified_gmt":"2019-02-24T13:11:38","slug":"ponencia-ecologia-y-supervivencia-civilizatoria","status":"publish","type":"post","link":"http:\/\/www.rseapmu.org\/?p=424","title":{"rendered":"Ponencia &#8220;Ecolog\u00eda y supervivencia civilizatoria&#8221;"},"content":{"rendered":"<p align=\"left\">A cargo de D. Jos\u00e9 Miguel Colmenero Garc\u00eda, Coordinador del Grupo de Trabajo Internacional de EQUO.<\/p>\n<p align=\"left\"><em>Ecolog\u00eda: del griego \u201coikos\u201d, hogar, y \u201clogos\u201d, conocimiento<\/em><\/p>\n<p style=\"text-align: justify;\">La crisis ecol\u00f3gica no solo compromete de manera decisiva a las generaciones futuras sino que nos afecta ahora directamente a las generaciones presentes. No solo se trata de una crisis de abundancia, sino tambi\u00e9n de una crisis de escasez que ya se est\u00e1 manifestando en el d\u00eda a d\u00eda de gran parte de la poblaci\u00f3n mundial. Asimismo, pone de relieve que las llamadas crisis financieras, especulativas o alimentarias est\u00e1n vinculadas a crisis subyacentes e interdependientes: no solo la de la econom\u00eda real (o econom\u00eda productiva) sino tambi\u00e9n la de la \u201ceconom\u00eda real-real\u201d, es decir, la de los flujos de materias y energ\u00eda que depende, por una parte, de factores econ\u00f3micos y, por otra parte, de los l\u00edmites ecol\u00f3gicos del planeta. Solo conociendo e interpretando acertadamente las claves ecol\u00f3gicas\u00a0aseguraremos la supervivencia civilizatoria.<\/p>\n<p style=\"text-align: justify;\"><a href=\"http:\/\/www.gestionarsiglo21.com\/?attachment_id=397 \" target=\"_blank\">Leer ponencia completa<\/a><\/p>\n","protected":false},"excerpt":{"rendered":"<p>A cargo de D. Jos\u00e9 Miguel Colmenero Garc\u00eda, Coordinador del Grupo de Trabajo Internacional de EQUO. Ecolog\u00eda: del griego \u201coikos\u201d, hogar, y \u201clogos\u201d, conocimiento La crisis ecol\u00f3gica no solo compromete de manera decisiva a las generaciones futuras sino que nos &hellip; <a href=\"http:\/\/www.rseapmu.org\/?p=424\">Sigue leyendo <span class=\"meta-nav\">&rarr;<\/span><\/a><\/p>\n","protected":false},"author":2,"featured_media":0,"comment_status":"closed","ping_status":"open","sticky":false,"template":"","format":"standard","meta":[],"categories":[24],"tags":[],"_links":{"self":[{"href":"http:\/\/www.rseapmu.org\/index.php?rest_route=\/wp\/v2\/posts\/424"}],"collection":[{"href":"http:\/\/www.rseapmu.org\/index.php?rest_route=\/wp\/v2\/posts"}],"about":[{"href":"http:\/\/www.rseapmu.org\/index.php?rest_route=\/wp\/v2\/types\/post"}],"author":[{"embeddable":true,"href":"http:\/\/www.rseapmu.org\/index.php?rest_route=\/wp\/v2\/users\/2"}],"replies":[{"embeddable":true,"href":"http:\/\/www.rseapmu.org\/index.php?rest_route=%2Fwp%2Fv2%2Fcomments&post=424"}],"version-history":[{"count":5,"href":"http:\/\/www.rseapmu.org\/index.php?rest_route=\/wp\/v2\/posts\/424\/revisions"}],"predecessor-version":[{"id":864,"href":"http:\/\/www.rseapmu.org\/index.php?rest_route=\/wp\/v2\/posts\/424\/revisions\/864"}],"wp:attachment":[{"href":"http:\/\/www.rseapmu.org\/index.php?rest_route=%2Fwp%2Fv2%2Fmedia&parent=424"}],"wp:term":[{"taxonomy":"category","embeddable":true,"href":"http:\/\/www.rseapmu.org\/index.php?rest_route=%2Fwp%2Fv2%2Fcategories&post=424"},{"taxonomy":"post_tag","embeddable":true,"href":"http:\/\/www.rseapmu.org\/index.php?rest_route=%2Fwp%2Fv2%2Ftags&post=424"}],"curies":[{"name":"wp","href":"https:\/\/api.w.org\/{rel}","templated":true}]}}