{"id":421,"date":"2014-01-22T11:13:32","date_gmt":"2014-01-22T10:13:32","guid":{"rendered":"http:\/\/www.gestionarsiglo21.com\/?p=421"},"modified":"2019-02-24T14:11:55","modified_gmt":"2019-02-24T13:11:55","slug":"el-sistema-mundo","status":"publish","type":"post","link":"http:\/\/www.rseapmu.org\/?p=421","title":{"rendered":"&#8220;El Sistema Mundo&#8221;"},"content":{"rendered":"<p style=\"text-align: justify;\">A cargo de D. Jos\u00e9 Egea Ib\u00e1\u00f1ez, Director de la Real Sociedad Econ\u00f3mica de Amigos del Pa\u00eds de Murcia.<\/p>\n<p style=\"text-align: justify;\"><strong>1.- LA CONCEPCION SISTEMICA<\/strong><\/p>\n<p style=\"text-align: justify;\"><b><\/b>En contra de una etapa analista iniciada por Descartes (1637), la sociedad en los \u00faltimos tiempos, despu\u00e9s de la gran revoluci\u00f3n de los avances cient\u00edficos, los inventos, los descubrimientos y las construcciones tecnol\u00f3gicas, se ha encontrado con cientos de part\u00edculas, de entornos, de unidades, perfectamente definidas y medidas, pero se ha perdido la visi\u00f3n global; a esto debemos a\u00f1adir la gran explosi\u00f3n de la informaci\u00f3n que llega individualmente por las TIC. Como consecuencia de ello y en una reacci\u00f3n primaria, la comunidad se encuentra con la necesidad de totalizar, de ver los problemas en su conjunto&#8230;<\/p>\n<p><a title=\"Crisis Sist\u00e9mica\" href=\"http:\/\/www.gestionarsiglo21.com\/crisis-sistemica\/\" target=\"_blank\">Leer art\u00edculo completo<\/a><\/p>\n<p><a title=\"Crisis Sist\u00e9mica\" href=\"http:\/\/www.gestionarsiglo21.com\/crisis-sistemica\/\" target=\"_blank\"><strong>DRAFT &#8211; EL\u00a0 AVANCE SISTEMICO<\/strong><\/a><\/p>\n<p style=\"text-align: justify;\">Proponemos una nueva lectura de la evoluci\u00f3n social, traspasando las ideas del Progreso que se impusieron desde la Ilustraci\u00f3n.<\/p>\n<p style=\"text-align: justify;\">Desde mediados del siglo XVIII, se cre\u00f3 una conciencia de que la poblaci\u00f3n aumentaba y las necesidades de esa poblaci\u00f3n crec\u00edan, de forma particular la alimentaci\u00f3n, respondiendo como el elemento fundamental del crecimiento, el desarrollo humano y el poder\u00edo de los estados. Es Malthus el te\u00f3rico m\u00e1s importante de esta forma de interpretaci\u00f3n. Durante el XVIII, en Francia el Colbertismo avanzar\u00eda con la creaci\u00f3n de una Hacienda y el empuje desde el gobierno de las grandes Obras P\u00fablicas.<\/p>\n<p style=\"text-align: justify;\"><a title=\"Crisis Sist\u00e9mica\" href=\"http:\/\/www.gestionarsiglo21.com\/crisis-sistemica\/\" target=\"_blank\">Leer ponencia completa<\/a><\/p>\n","protected":false},"excerpt":{"rendered":"<p>A cargo de D. Jos\u00e9 Egea Ib\u00e1\u00f1ez, Director de la Real Sociedad Econ\u00f3mica de Amigos del Pa\u00eds de Murcia. 1.- LA CONCEPCION SISTEMICA En contra de una etapa analista iniciada por Descartes (1637), la sociedad en los \u00faltimos tiempos, despu\u00e9s &hellip; <a href=\"http:\/\/www.rseapmu.org\/?p=421\">Sigue leyendo <span class=\"meta-nav\">&rarr;<\/span><\/a><\/p>\n","protected":false},"author":2,"featured_media":0,"comment_status":"closed","ping_status":"open","sticky":false,"template":"","format":"standard","meta":[],"categories":[24],"tags":[],"_links":{"self":[{"href":"http:\/\/www.rseapmu.org\/index.php?rest_route=\/wp\/v2\/posts\/421"}],"collection":[{"href":"http:\/\/www.rseapmu.org\/index.php?rest_route=\/wp\/v2\/posts"}],"about":[{"href":"http:\/\/www.rseapmu.org\/index.php?rest_route=\/wp\/v2\/types\/post"}],"author":[{"embeddable":true,"href":"http:\/\/www.rseapmu.org\/index.php?rest_route=\/wp\/v2\/users\/2"}],"replies":[{"embeddable":true,"href":"http:\/\/www.rseapmu.org\/index.php?rest_route=%2Fwp%2Fv2%2Fcomments&post=421"}],"version-history":[{"count":6,"href":"http:\/\/www.rseapmu.org\/index.php?rest_route=\/wp\/v2\/posts\/421\/revisions"}],"predecessor-version":[{"id":865,"href":"http:\/\/www.rseapmu.org\/index.php?rest_route=\/wp\/v2\/posts\/421\/revisions\/865"}],"wp:attachment":[{"href":"http:\/\/www.rseapmu.org\/index.php?rest_route=%2Fwp%2Fv2%2Fmedia&parent=421"}],"wp:term":[{"taxonomy":"category","embeddable":true,"href":"http:\/\/www.rseapmu.org\/index.php?rest_route=%2Fwp%2Fv2%2Fcategories&post=421"},{"taxonomy":"post_tag","embeddable":true,"href":"http:\/\/www.rseapmu.org\/index.php?rest_route=%2Fwp%2Fv2%2Ftags&post=421"}],"curies":[{"name":"wp","href":"https:\/\/api.w.org\/{rel}","templated":true}]}}